{"id":6587,"count":1,"description":"","link":"https:\/\/derecho.udd.cl\/centro-justicia-constitucional\/tag\/jornada-de-reflexion-analisis-y-nudos-criticos-de-la-propuesta-de-nueva-constitucion\/","name":"Jornada de Reflexi\u00f3n: An\u00e1lisis y nudos cr\u00edticos de la propuesta de nueva constituci\u00f3n","slug":"jornada-de-reflexion-analisis-y-nudos-criticos-de-la-propuesta-de-nueva-constitucion","taxonomy":"post_tag","meta":[],"_links":{"self":[{"href":"https:\/\/derecho.udd.cl\/centro-justicia-constitucional\/wp-json\/wp\/v2\/tags\/6587","targetHints":{"allow":["GET"]}}],"collection":[{"href":"https:\/\/derecho.udd.cl\/centro-justicia-constitucional\/wp-json\/wp\/v2\/tags"}],"about":[{"href":"https:\/\/derecho.udd.cl\/centro-justicia-constitucional\/wp-json\/wp\/v2\/taxonomies\/post_tag"}],"wp:post_type":[{"href":"https:\/\/derecho.udd.cl\/centro-justicia-constitucional\/wp-json\/wp\/v2\/posts?tags=6587"}],"curies":[{"name":"wp","href":"https:\/\/api.w.org\/{rel}","templated":true}]}}