{"id":6009,"count":1,"description":"","link":"https:\/\/derecho.udd.cl\/centro-justicia-constitucional\/tag\/arturo-zuniga-al-ruedo-politico\/","name":"Arturo Z\u00fa\u00f1iga al ruedo pol\u00edtico","slug":"arturo-zuniga-al-ruedo-politico","taxonomy":"post_tag","meta":[],"_links":{"self":[{"href":"https:\/\/derecho.udd.cl\/centro-justicia-constitucional\/wp-json\/wp\/v2\/tags\/6009","targetHints":{"allow":["GET"]}}],"collection":[{"href":"https:\/\/derecho.udd.cl\/centro-justicia-constitucional\/wp-json\/wp\/v2\/tags"}],"about":[{"href":"https:\/\/derecho.udd.cl\/centro-justicia-constitucional\/wp-json\/wp\/v2\/taxonomies\/post_tag"}],"wp:post_type":[{"href":"https:\/\/derecho.udd.cl\/centro-justicia-constitucional\/wp-json\/wp\/v2\/posts?tags=6009"}],"curies":[{"name":"wp","href":"https:\/\/api.w.org\/{rel}","templated":true}]}}