{"id":1629,"date":"2021-01-03T17:44:40","date_gmt":"2021-01-03T16:44:40","guid":{"rendered":"https:\/\/derecho.udd.cl\/actualidad-juridica\/?post_type=article&#038;p=1629"},"modified":"2021-01-08T20:00:14","modified_gmt":"2021-01-08T19:00:14","slug":"el-abuso-de-derechos-constitucionales-y-de-la-personalidad-juridica-en-materia-laboral-comentario-a-sentencia-sobre-el-sindicato-del-dia-despues-segundo-juzgado-de-letras-del-trabajo-de-san","status":"publish","type":"article","link":"https:\/\/derecho.udd.cl\/actualidad-juridica\/articulos\/el-abuso-de-derechos-constitucionales-y-de-la-personalidad-juridica-en-materia-laboral-comentario-a-sentencia-sobre-el-sindicato-del-dia-despues-segundo-juzgado-de-letras-del-trabajo-de-san\/","title":{"rendered":"El abuso de derechos constitucionales y de la personalidad jur\u00eddica en materia laboral Comentario a sentencia sobre el \u00ab\u00bbSindicato del D\u00eda Despu\u00e9s\u00bb\u00bb. Segundo Juzgado de Letras del Trabajo de Santiago Rit N\u00b0 S-50-201 0, 30 de diciembre de 201"},"template":"","class_list":["post-1629","article","type-article","status-publish","hentry","article_keywords-2827","article_keywords-2826","article_keywords-despido","article_keywords-organizacion-sindical","article_keywords-rit-s","article_keywords-sindicato-del-dia-despues","article_keywords-termino-se-sontrato","article_keywords-trabajadores","article_areas-derecho-laboral"],"yoast_head":"<!-- This site is optimized with the Yoast SEO plugin v26.9 - https:\/\/yoast.com\/product\/yoast-seo-wordpress\/ -->\n<title>El abuso de derechos constitucionales y de la personalidad jur\u00eddica en materia laboral Comentario a sentencia sobre el &quot;&quot;Sindicato del D\u00eda Despu\u00e9s&quot;&quot;. Segundo Juzgado de Letras del Trabajo de Santiago Rit N\u00b0 S-50-201 0, 30 de diciembre de 201 - Revista de Derecho UDD<\/title>\n<meta name=\"robots\" content=\"index, follow, max-snippet:-1, max-image-preview:large, max-video-preview:-1\" \/>\n<link rel=\"canonical\" href=\"https:\/\/derecho.udd.cl\/actualidad-juridica\/articulos\/el-abuso-de-derechos-constitucionales-y-de-la-personalidad-juridica-en-materia-laboral-comentario-a-sentencia-sobre-el-sindicato-del-dia-despues-segundo-juzgado-de-letras-del-trabajo-de-san\/\" \/>\n<meta property=\"og:locale\" content=\"es_ES\" \/>\n<meta property=\"og:type\" content=\"article\" \/>\n<meta property=\"og:title\" content=\"El abuso de derechos constitucionales y de la personalidad jur\u00eddica en materia laboral Comentario a sentencia sobre el &quot;&quot;Sindicato del D\u00eda Despu\u00e9s&quot;&quot;. Segundo Juzgado de Letras del Trabajo de Santiago Rit N\u00b0 S-50-201 0, 30 de diciembre de 201 - Revista de Derecho UDD\" \/>\n<meta property=\"og:url\" content=\"https:\/\/derecho.udd.cl\/actualidad-juridica\/articulos\/el-abuso-de-derechos-constitucionales-y-de-la-personalidad-juridica-en-materia-laboral-comentario-a-sentencia-sobre-el-sindicato-del-dia-despues-segundo-juzgado-de-letras-del-trabajo-de-san\/\" \/>\n<meta property=\"og:site_name\" content=\"Revista de Derecho UDD\" \/>\n<meta property=\"article:modified_time\" content=\"2021-01-08T19:00:14+00:00\" \/>\n<meta name=\"twitter:card\" content=\"summary_large_image\" \/>\n<script type=\"application\/ld+json\" class=\"yoast-schema-graph\">{\"@context\":\"https:\/\/schema.org\",\"@graph\":[{\"@type\":\"WebPage\",\"@id\":\"https:\/\/derecho.udd.cl\/actualidad-juridica\/articulos\/el-abuso-de-derechos-constitucionales-y-de-la-personalidad-juridica-en-materia-laboral-comentario-a-sentencia-sobre-el-sindicato-del-dia-despues-segundo-juzgado-de-letras-del-trabajo-de-san\/\",\"url\":\"https:\/\/derecho.udd.cl\/actualidad-juridica\/articulos\/el-abuso-de-derechos-constitucionales-y-de-la-personalidad-juridica-en-materia-laboral-comentario-a-sentencia-sobre-el-sindicato-del-dia-despues-segundo-juzgado-de-letras-del-trabajo-de-san\/\",\"name\":\"El abuso de derechos constitucionales y de la personalidad jur\u00eddica en materia laboral Comentario a sentencia sobre el \\\"\\\"Sindicato del D\u00eda Despu\u00e9s\\\"\\\". Segundo Juzgado de Letras del Trabajo de Santiago Rit N\u00b0 S-50-201 0, 30 de diciembre de 201 - Revista de Derecho UDD\",\"isPartOf\":{\"@id\":\"https:\/\/derecho.udd.cl\/actualidad-juridica\/#website\"},\"datePublished\":\"2021-01-03T16:44:40+00:00\",\"dateModified\":\"2021-01-08T19:00:14+00:00\",\"breadcrumb\":{\"@id\":\"https:\/\/derecho.udd.cl\/actualidad-juridica\/articulos\/el-abuso-de-derechos-constitucionales-y-de-la-personalidad-juridica-en-materia-laboral-comentario-a-sentencia-sobre-el-sindicato-del-dia-despues-segundo-juzgado-de-letras-del-trabajo-de-san\/#breadcrumb\"},\"inLanguage\":\"es\",\"potentialAction\":[{\"@type\":\"ReadAction\",\"target\":[\"https:\/\/derecho.udd.cl\/actualidad-juridica\/articulos\/el-abuso-de-derechos-constitucionales-y-de-la-personalidad-juridica-en-materia-laboral-comentario-a-sentencia-sobre-el-sindicato-del-dia-despues-segundo-juzgado-de-letras-del-trabajo-de-san\/\"]}]},{\"@type\":\"BreadcrumbList\",\"@id\":\"https:\/\/derecho.udd.cl\/actualidad-juridica\/articulos\/el-abuso-de-derechos-constitucionales-y-de-la-personalidad-juridica-en-materia-laboral-comentario-a-sentencia-sobre-el-sindicato-del-dia-despues-segundo-juzgado-de-letras-del-trabajo-de-san\/#breadcrumb\",\"itemListElement\":[{\"@type\":\"ListItem\",\"position\":1,\"name\":\"Portada\",\"item\":\"https:\/\/derecho.udd.cl\/actualidad-juridica\/\"},{\"@type\":\"ListItem\",\"position\":2,\"name\":\"Art\u00edculos\",\"item\":\"https:\/\/derecho.udd.cl\/actualidad-juridica\/articulos\/\"},{\"@type\":\"ListItem\",\"position\":3,\"name\":\"El abuso de derechos constitucionales y de la personalidad jur\u00eddica en materia laboral Comentario a sentencia sobre el \u00ab\u00bbSindicato del D\u00eda Despu\u00e9s\u00bb\u00bb. Segundo Juzgado de Letras del Trabajo de Santiago Rit N\u00b0 S-50-201 0, 30 de diciembre de 201\"}]},{\"@type\":\"WebSite\",\"@id\":\"https:\/\/derecho.udd.cl\/actualidad-juridica\/#website\",\"url\":\"https:\/\/derecho.udd.cl\/actualidad-juridica\/\",\"name\":\"Revista de Derecho UDD\",\"description\":\"Revista Actualidad Jur\u00eddica\",\"inLanguage\":\"es\"}]}<\/script>\n<!-- \/ Yoast SEO plugin. -->","yoast_head_json":{"title":"El abuso de derechos constitucionales y de la personalidad jur\u00eddica en materia laboral Comentario a sentencia sobre el \"\"Sindicato del D\u00eda Despu\u00e9s\"\". Segundo Juzgado de Letras del Trabajo de Santiago Rit N\u00b0 S-50-201 0, 30 de diciembre de 201 - Revista de Derecho UDD","robots":{"index":"index","follow":"follow","max-snippet":"max-snippet:-1","max-image-preview":"max-image-preview:large","max-video-preview":"max-video-preview:-1"},"canonical":"https:\/\/derecho.udd.cl\/actualidad-juridica\/articulos\/el-abuso-de-derechos-constitucionales-y-de-la-personalidad-juridica-en-materia-laboral-comentario-a-sentencia-sobre-el-sindicato-del-dia-despues-segundo-juzgado-de-letras-del-trabajo-de-san\/","og_locale":"es_ES","og_type":"article","og_title":"El abuso de derechos constitucionales y de la personalidad jur\u00eddica en materia laboral Comentario a sentencia sobre el \"\"Sindicato del D\u00eda Despu\u00e9s\"\". Segundo Juzgado de Letras del Trabajo de Santiago Rit N\u00b0 S-50-201 0, 30 de diciembre de 201 - Revista de Derecho UDD","og_url":"https:\/\/derecho.udd.cl\/actualidad-juridica\/articulos\/el-abuso-de-derechos-constitucionales-y-de-la-personalidad-juridica-en-materia-laboral-comentario-a-sentencia-sobre-el-sindicato-del-dia-despues-segundo-juzgado-de-letras-del-trabajo-de-san\/","og_site_name":"Revista de Derecho UDD","article_modified_time":"2021-01-08T19:00:14+00:00","twitter_card":"summary_large_image","schema":{"@context":"https:\/\/schema.org","@graph":[{"@type":"WebPage","@id":"https:\/\/derecho.udd.cl\/actualidad-juridica\/articulos\/el-abuso-de-derechos-constitucionales-y-de-la-personalidad-juridica-en-materia-laboral-comentario-a-sentencia-sobre-el-sindicato-del-dia-despues-segundo-juzgado-de-letras-del-trabajo-de-san\/","url":"https:\/\/derecho.udd.cl\/actualidad-juridica\/articulos\/el-abuso-de-derechos-constitucionales-y-de-la-personalidad-juridica-en-materia-laboral-comentario-a-sentencia-sobre-el-sindicato-del-dia-despues-segundo-juzgado-de-letras-del-trabajo-de-san\/","name":"El abuso de derechos constitucionales y de la personalidad jur\u00eddica en materia laboral Comentario a sentencia sobre el \"\"Sindicato del D\u00eda Despu\u00e9s\"\". Segundo Juzgado de Letras del Trabajo de Santiago Rit N\u00b0 S-50-201 0, 30 de diciembre de 201 - Revista de Derecho UDD","isPartOf":{"@id":"https:\/\/derecho.udd.cl\/actualidad-juridica\/#website"},"datePublished":"2021-01-03T16:44:40+00:00","dateModified":"2021-01-08T19:00:14+00:00","breadcrumb":{"@id":"https:\/\/derecho.udd.cl\/actualidad-juridica\/articulos\/el-abuso-de-derechos-constitucionales-y-de-la-personalidad-juridica-en-materia-laboral-comentario-a-sentencia-sobre-el-sindicato-del-dia-despues-segundo-juzgado-de-letras-del-trabajo-de-san\/#breadcrumb"},"inLanguage":"es","potentialAction":[{"@type":"ReadAction","target":["https:\/\/derecho.udd.cl\/actualidad-juridica\/articulos\/el-abuso-de-derechos-constitucionales-y-de-la-personalidad-juridica-en-materia-laboral-comentario-a-sentencia-sobre-el-sindicato-del-dia-despues-segundo-juzgado-de-letras-del-trabajo-de-san\/"]}]},{"@type":"BreadcrumbList","@id":"https:\/\/derecho.udd.cl\/actualidad-juridica\/articulos\/el-abuso-de-derechos-constitucionales-y-de-la-personalidad-juridica-en-materia-laboral-comentario-a-sentencia-sobre-el-sindicato-del-dia-despues-segundo-juzgado-de-letras-del-trabajo-de-san\/#breadcrumb","itemListElement":[{"@type":"ListItem","position":1,"name":"Portada","item":"https:\/\/derecho.udd.cl\/actualidad-juridica\/"},{"@type":"ListItem","position":2,"name":"Art\u00edculos","item":"https:\/\/derecho.udd.cl\/actualidad-juridica\/articulos\/"},{"@type":"ListItem","position":3,"name":"El abuso de derechos constitucionales y de la personalidad jur\u00eddica en materia laboral Comentario a sentencia sobre el \u00ab\u00bbSindicato del D\u00eda Despu\u00e9s\u00bb\u00bb. Segundo Juzgado de Letras del Trabajo de Santiago Rit N\u00b0 S-50-201 0, 30 de diciembre de 201"}]},{"@type":"WebSite","@id":"https:\/\/derecho.udd.cl\/actualidad-juridica\/#website","url":"https:\/\/derecho.udd.cl\/actualidad-juridica\/","name":"Revista de Derecho UDD","description":"Revista Actualidad Jur\u00eddica","inLanguage":"es"}]}},"_links":{"self":[{"href":"https:\/\/derecho.udd.cl\/actualidad-juridica\/wp-json\/wp\/v2\/article\/1629","targetHints":{"allow":["GET"]}}],"collection":[{"href":"https:\/\/derecho.udd.cl\/actualidad-juridica\/wp-json\/wp\/v2\/article"}],"about":[{"href":"https:\/\/derecho.udd.cl\/actualidad-juridica\/wp-json\/wp\/v2\/types\/article"}],"version-history":[{"count":2,"href":"https:\/\/derecho.udd.cl\/actualidad-juridica\/wp-json\/wp\/v2\/article\/1629\/revisions"}],"predecessor-version":[{"id":3877,"href":"https:\/\/derecho.udd.cl\/actualidad-juridica\/wp-json\/wp\/v2\/article\/1629\/revisions\/3877"}],"wp:attachment":[{"href":"https:\/\/derecho.udd.cl\/actualidad-juridica\/wp-json\/wp\/v2\/media?parent=1629"}],"curies":[{"name":"wp","href":"https:\/\/api.w.org\/{rel}","templated":true}]}}